{"id":945,"date":"2017-09-12T21:51:37","date_gmt":"2017-09-12T21:51:37","guid":{"rendered":"http:\/\/schubert-jutta.de\/?p=945"},"modified":"2017-09-12T23:23:07","modified_gmt":"2017-09-12T23:23:07","slug":"wird-kommen-ueber-nacht-zum-tode-des-dirigenten-und-komponisten-prof-siegfried-koehler","status":"publish","type":"post","link":"https:\/\/www.schubert-jutta.de\/?p=945","title":{"rendered":"Wird kommen \u00fcber Nacht"},"content":{"rendered":"<h1 style=\"text-align: center;\">Zum Tode des Dirigenten und Komponisten Prof. Siegfried K\u00f6hler<\/h1>\n<figure id=\"attachment_946\" aria-describedby=\"caption-attachment-946\" style=\"width: 584px\" class=\"wp-caption aligncenter\"><a href=\"http:\/\/schubert-jutta.de\/2017\/09\/wird-kommen-ueber-nacht-zum-tode-des-dirigenten-und-komponisten-prof-siegfried-koehler\/maestro2\/\" rel=\"attachment wp-att-946\"><img loading=\"lazy\" decoding=\"async\" class=\"wp-image-946 size-large\" src=\"http:\/\/schubert-jutta.de\/wp-content\/uploads\/maestro2-929x1024.jpg\" alt=\"\" width=\"584\" height=\"644\" srcset=\"https:\/\/www.schubert-jutta.de\/wp-content\/uploads\/maestro2-929x1024.jpg 929w, https:\/\/www.schubert-jutta.de\/wp-content\/uploads\/maestro2-272x300.jpg 272w, https:\/\/www.schubert-jutta.de\/wp-content\/uploads\/maestro2-768x847.jpg 768w, https:\/\/www.schubert-jutta.de\/wp-content\/uploads\/maestro2.jpg 1317w\" sizes=\"auto, (max-width: 584px) 100vw, 584px\" \/><\/a><figcaption id=\"caption-attachment-946\" class=\"wp-caption-text\">Prof. Siegfried K\u00f6hler 30. Juli 1923 &#8211; 12. September 2017 &#8211; Foto: (c) Jutta Schubert<\/figcaption><\/figure>\n<p>Wir haben uns immer gesiezt. Es war ein Zeichen unserer gegenseitigen Wertsch\u00e4tzung, unserer kollegialen Verbundenheit, auch unserer gemeinsamen Arbeit und unseres gro\u00dfen Altersunterschieds wegen. Ich war und bin eine sehr gute Freundin seines einzigen Sohnes Klaus-Dieter. Er h\u00e4tte mein Vater sein k\u00f6nnen, mein Gro\u00dfvater, mein Mentor, mein Lehrer, mein Chef. Er war ein kleines Bisschen von alledem. Mehr als f\u00fcnfunddrei\u00dfig Jahre lang kannten wir uns, tauschten wir uns aus \u00fcber Musik, das Theater, die Literatur, \u00fcber Eindr\u00fccke von Inszenierungen, Reisen und Lekt\u00fcre und unsere vielf\u00e4ltigen Erfahrungen mit alledem. Er wurde f\u00fcr mich ein Vorbild an Arbeitswut, Humor und Menschlichkeit, nicht nachlassender Neugierde an der Welt, der Kunst, den Menschen, stets kritisch und beinahe immer optimistisch. Ich wurde seine Biografin, blieb einerseits fremd, von au\u00dfen, und andererseits vertraut, irgendwie geh\u00f6rte ich zur Familie. Wir arbeiteten wohl an die zwanzig Jahre zusammen, an seiner Autobiografie &#8211; Alles Capriolen, ein Jahrhundert im Musiktheater &#8211; ein ganzes Jahrzehnt lang, danach an einigen Libretti zu seinen Kompositionen, unter anderem seiner gro\u00dfen und vielleicht \u00fcberhaupt der letzten Operette &#8211; Old Germany &#8211; ein Lebenswerk, dessen Urauff\u00fchrung er nicht mehr erleben wird.<br \/>\nMan muss f\u00fcr sich selbst die Werbetrommel r\u00fchren, das tut sonst niemand, sagte er oft und unerm\u00fcdlich. Bis zuletzt war ihm der Umgang mit Menschen unerl\u00e4sslich, sie befl\u00fcgelten ihn, regten auch in seinem hohen Alter noch seinen Humor an, forderten seinen Widerspruch heraus. &#8222;Wird kommen \u00fcber Nacht&#8220; war ein memento mori, das ihm ein vor ihm gegangener enger Freund hinterlie\u00df. Er zitierte den Satz oft, mit nachdenklichem Respekt und wissendem Nicken um die Endlichkeit unseres Lebens. Am Ende war er allein auf dem Gipfel eines Berges, er benutzte dieses Bild, um seinen Zustand zu beschreiben. Er hatte alle treuen Weggef\u00e4hrten \u00fcberlebt, auch seine Frau, obwohl bis ganz zuletzt seine Familie und viele Freunde um ihn waren. Noch vor wenigen Wochen haben wir seinen 94. Geburtstag bei Kaffee und Kuchen gefeiert. Heute starb er gegen Morgen, das memento mori hat sich erf\u00fcllt. &#8222;Auf zu neuen Thaten, theurer Helde&#8220; geh\u00f6rte zu den Wahlspr\u00fcchen seines reichhaltigen und gegl\u00fcckten Lebens. M\u00f6ge die Musik, die er zuletzt nicht mehr h\u00f6rte, ihn dort, wohin er ging, begleiten. Die Welt ist um einen Schelm \u00e4rmer geworden. Er wird mir fehlen.<\/p>\n","protected":false},"excerpt":{"rendered":"<p>Zum Tode des Dirigenten und Komponisten Prof. Siegfried K\u00f6hler Wir haben uns immer gesiezt. Es war ein Zeichen unserer gegenseitigen Wertsch\u00e4tzung, unserer kollegialen Verbundenheit, auch unserer gemeinsamen Arbeit und unseres gro\u00dfen Altersunterschieds wegen. Ich war und bin eine sehr gute Freundin seines einzigen Sohnes Klaus-Dieter. Er h\u00e4tte mein Vater sein k\u00f6nnen, mein Gro\u00dfvater, mein Mentor,&#8230;<\/p>\n","protected":false},"author":1,"featured_media":0,"comment_status":"closed","ping_status":"closed","sticky":false,"template":"","format":"standard","meta":{"footnotes":""},"categories":[4,10,11],"tags":[],"class_list":["post-945","post","type-post","status-publish","format-standard","hentry","category-kunst","category-leben","category-musik"],"_links":{"self":[{"href":"https:\/\/www.schubert-jutta.de\/index.php?rest_route=\/wp\/v2\/posts\/945","targetHints":{"allow":["GET"]}}],"collection":[{"href":"https:\/\/www.schubert-jutta.de\/index.php?rest_route=\/wp\/v2\/posts"}],"about":[{"href":"https:\/\/www.schubert-jutta.de\/index.php?rest_route=\/wp\/v2\/types\/post"}],"author":[{"embeddable":true,"href":"https:\/\/www.schubert-jutta.de\/index.php?rest_route=\/wp\/v2\/users\/1"}],"replies":[{"embeddable":true,"href":"https:\/\/www.schubert-jutta.de\/index.php?rest_route=%2Fwp%2Fv2%2Fcomments&post=945"}],"version-history":[{"count":6,"href":"https:\/\/www.schubert-jutta.de\/index.php?rest_route=\/wp\/v2\/posts\/945\/revisions"}],"predecessor-version":[{"id":953,"href":"https:\/\/www.schubert-jutta.de\/index.php?rest_route=\/wp\/v2\/posts\/945\/revisions\/953"}],"wp:attachment":[{"href":"https:\/\/www.schubert-jutta.de\/index.php?rest_route=%2Fwp%2Fv2%2Fmedia&parent=945"}],"wp:term":[{"taxonomy":"category","embeddable":true,"href":"https:\/\/www.schubert-jutta.de\/index.php?rest_route=%2Fwp%2Fv2%2Fcategories&post=945"},{"taxonomy":"post_tag","embeddable":true,"href":"https:\/\/www.schubert-jutta.de\/index.php?rest_route=%2Fwp%2Fv2%2Ftags&post=945"}],"curies":[{"name":"wp","href":"https:\/\/api.w.org\/{rel}","templated":true}]}}