{"id":1071,"date":"2017-12-07T13:19:38","date_gmt":"2017-12-07T13:19:38","guid":{"rendered":"http:\/\/schubert-jutta.de\/?p=1071"},"modified":"2017-12-07T13:20:44","modified_gmt":"2017-12-07T13:20:44","slug":"neuer-erzaehlzyklus-erster-cover-entwurf","status":"publish","type":"post","link":"https:\/\/www.schubert-jutta.de\/?p=1071","title":{"rendered":"Neuer Erz\u00e4hlzyklus: Erster Cover-Entwurf"},"content":{"rendered":"<pre>Wiesbaden, Donnerstag, 7. Dezember 2017<\/pre>\n<p>Gestern kam &#8211; als sei es ein Nikolausgeschenk &#8211; der erste Cover-Entwurf meines neuen Erz\u00e4hlzyklus <em>&#8222;Der Mond ist ein Licht in der Nacht&#8220;<\/em>, der p\u00fcnktlich zur Leipziger Buchmesse im kommenden Fr\u00fchjahr erscheinen wird. Vorbestellungen beim Verlag sind m\u00f6glich.<\/p>\n<p><a href=\"http:\/\/schubert-jutta.de\/2017\/12\/neuer-erzaehlzyklus-erster-cover-entwurf\/bildschirmfoto-2017-12-07-um-13-54-19\/\" rel=\"attachment wp-att-1072\"><img loading=\"lazy\" decoding=\"async\" class=\"aligncenter size-large wp-image-1072\" src=\"http:\/\/schubert-jutta.de\/wp-content\/uploads\/Bildschirmfoto-2017-12-07-um-13.54.19-1024x808.png\" alt=\"\" width=\"584\" height=\"461\" srcset=\"https:\/\/www.schubert-jutta.de\/wp-content\/uploads\/Bildschirmfoto-2017-12-07-um-13.54.19-1024x808.png 1024w, https:\/\/www.schubert-jutta.de\/wp-content\/uploads\/Bildschirmfoto-2017-12-07-um-13.54.19-300x237.png 300w, https:\/\/www.schubert-jutta.de\/wp-content\/uploads\/Bildschirmfoto-2017-12-07-um-13.54.19-768x606.png 768w, https:\/\/www.schubert-jutta.de\/wp-content\/uploads\/Bildschirmfoto-2017-12-07-um-13.54.19-380x300.png 380w, https:\/\/www.schubert-jutta.de\/wp-content\/uploads\/Bildschirmfoto-2017-12-07-um-13.54.19.png 1734w\" sizes=\"auto, (max-width: 584px) 100vw, 584px\" \/><\/a>Es ist der Nachfolgeband zu meinem Zyklus <a href=\"https:\/\/www.amazon.de\/Die-Nacht-mit-Marilyn-Erz%C3%A4hl-Zyklus\/dp\/386638193X\/ref=sr_1_1?s=books&amp;ie=UTF8&amp;qid=1512652662&amp;sr=1-1&amp;keywords=Die+Nacht+mit+Marilyn\" target=\"_blank\" rel=\"noopener\"><em>&#8222;Die Nacht mit Marilyn&#8220;<\/em><\/a>, folgt freilich etwas dem Song &#8218;YOU WANT IT DARKER&#8216; von Leonhard Cohen. Vielleicht mein Nachtbuch.<\/p>\n<p>&nbsp;<\/p>\n","protected":false},"excerpt":{"rendered":"<p>Wiesbaden, Donnerstag, 7. Dezember 2017 Gestern kam &#8211; als sei es ein Nikolausgeschenk &#8211; der erste Cover-Entwurf meines neuen Erz\u00e4hlzyklus &#8222;Der Mond ist ein Licht in der Nacht&#8220;, der p\u00fcnktlich zur Leipziger Buchmesse im kommenden Fr\u00fchjahr erscheinen wird. Vorbestellungen beim Verlag sind m\u00f6glich. Es ist der Nachfolgeband zu meinem Zyklus &#8222;Die Nacht mit Marilyn&#8220;, folgt&#8230;<\/p>\n","protected":false},"author":1,"featured_media":0,"comment_status":"closed","ping_status":"closed","sticky":false,"template":"","format":"standard","meta":{"footnotes":""},"categories":[10,3],"tags":[],"class_list":["post-1071","post","type-post","status-publish","format-standard","hentry","category-leben","category-literatur"],"_links":{"self":[{"href":"https:\/\/www.schubert-jutta.de\/index.php?rest_route=\/wp\/v2\/posts\/1071","targetHints":{"allow":["GET"]}}],"collection":[{"href":"https:\/\/www.schubert-jutta.de\/index.php?rest_route=\/wp\/v2\/posts"}],"about":[{"href":"https:\/\/www.schubert-jutta.de\/index.php?rest_route=\/wp\/v2\/types\/post"}],"author":[{"embeddable":true,"href":"https:\/\/www.schubert-jutta.de\/index.php?rest_route=\/wp\/v2\/users\/1"}],"replies":[{"embeddable":true,"href":"https:\/\/www.schubert-jutta.de\/index.php?rest_route=%2Fwp%2Fv2%2Fcomments&post=1071"}],"version-history":[{"count":3,"href":"https:\/\/www.schubert-jutta.de\/index.php?rest_route=\/wp\/v2\/posts\/1071\/revisions"}],"predecessor-version":[{"id":1075,"href":"https:\/\/www.schubert-jutta.de\/index.php?rest_route=\/wp\/v2\/posts\/1071\/revisions\/1075"}],"wp:attachment":[{"href":"https:\/\/www.schubert-jutta.de\/index.php?rest_route=%2Fwp%2Fv2%2Fmedia&parent=1071"}],"wp:term":[{"taxonomy":"category","embeddable":true,"href":"https:\/\/www.schubert-jutta.de\/index.php?rest_route=%2Fwp%2Fv2%2Fcategories&post=1071"},{"taxonomy":"post_tag","embeddable":true,"href":"https:\/\/www.schubert-jutta.de\/index.php?rest_route=%2Fwp%2Fv2%2Ftags&post=1071"}],"curies":[{"name":"wp","href":"https:\/\/api.w.org\/{rel}","templated":true}]}}